{"id":23906,"date":"2017-01-29T15:18:34","date_gmt":"2017-01-29T14:18:34","guid":{"rendered":"https:\/\/gsitaliaonlus.org\/progetto-gear\/"},"modified":"2019-07-02T11:35:24","modified_gmt":"2019-07-02T09:35:24","slug":"gear-global-education-active-response-protection-human-rights","status":"publish","type":"post","link":"https:\/\/www.gsitalia.org\/en\/gear-global-education-active-response-protection-human-rights\/","title":{"rendered":"GEAR: Global Education and Active Response for the Protection of Human Rights"},"content":{"rendered":"<p style=\"text-align: justify;\">The Erasmus+ Programme of the European Union has funded a new project that GSI Italy will implement in partnership with institutions from other 4 European countries (Croatia, Spain, Macedonia and Slovenia).<br \/>\n<strong>The goal of the <a href=\"https:\/\/gsitaliaonlus.org\/attivita\/gear\/?lang=en\">GEAR project<\/a> <\/strong>is to contribute to intercultural understanding through cooperation of CSOs with formal education systems, teachers and students and encourage exchange, improvement and up-scaling of existing best practices of global, civic and intercultural learning among schools at local, regional, national and transnational levels. Its general objective is to prevent violent radicalisation and to promote democratic values, fundamental rights, intercultural understanding and active citizenship.<\/p>\n<h4>GEAR: Global Education and Active Response for the Protection of Human Rights, Inclusion and Democratic Values in Intercultural Societies<\/h4>\n<ul>\n<li style=\"text-align: justify;\"><strong>Financiers<\/strong>: Erasmus+ KA3<\/li>\n<li style=\"text-align: justify;\"><strong>Start year<\/strong>: 2017<\/li>\n<\/ul>\n<h4 style=\"text-align: justify;\">Descrizione<\/h4>\n<p style=\"text-align: justify;\"><strong>Project goals<\/strong><br \/>\nThe goal of the GEAR project is to contribute to intercultural understanding through cooperation of CSOs with formal education systems, teachers and students and encourage exchange, improvement and up-scaling of existing best practices of global, civic and intercultural learning among schools at local, regional, national and transnational levels. Its general objective is to prevent violent radicalisation and to promote democratic values, fundamental rights, intercultural understanding and active citizenship.<br \/>\nThis project is funded by the Erasmus+ Programme of the European Union.<\/p>\n<p style=\"text-align: justify;\"><strong>Project background<\/strong><br \/>\nThe project is proposing to build on the existing programs for social inclusion and civic\/intercultural education of youth and teachers implemented by the project partners, programs developed both by schools and CSOs. Some of these individual programs have a long tradition of implementation at national levels in each country, but they will be enhanced and upgraded in accordance with the actual needs and expanded transnationally, as well as enabling a transnational exchange of existing successful practices among partners and teachers in different countries.<\/p>\n<p style=\"text-align: justify;\"><strong>Project activities<\/strong><br \/>\nThe project activities are:<\/p>\n<ul>\n<li style=\"text-align: justify;\"><em>Education\/training of teachers and educators<\/em><br \/>\n&#8211; 5 (one per partner country) national-level education\/training sessions for 20 teachers and educators and a transnational 3-day exchange and education\/training for teachers and educators<\/li>\n<li style=\"text-align: justify;\"><em>Trainings for Youth Promoters of Tolerance and Inter culturalism<\/em><br \/>\n&#8211; 5 (one per partner country) training sessions for Youth Promoters of Tolerance and Interculturalism and a transnational 2-day exchange and education\/training for Youth Promoters of Tolerance and Inter culturalism<\/li>\n<li style=\"text-align: justify;\"><em>School intercultural and inclusion projects<\/em><br \/>\n&#8211; inclusion projects developed by schools included in the project (e.g. solidarity actions\/protection of human rights actions, prepared in local communities)<\/li>\n<li style=\"text-align: justify;\"><em>National and transnational networking and exchange of good practices<\/em><br \/>\n&#8211; school exchange visits among the partner schools, establishment of an International network of intercultural inclusive schools, conferences and panel debates that focus on the topics of democratic values, fundamental rights, intercultural understanding and active citizenship<\/li>\n<li style=\"text-align: justify;\">Quality assurance and upgrading education\/training modules<br \/>\n&#8211; a comparative analysis of existing best practice examples for education\/training of intercultural understanding in different countries, that will be used for the curriculum development in each country (to upgrade existing programs) as well as for the transnational curriculum development<\/li>\n<li style=\"text-align: justify;\"><em>Project Management \/Evaluation<\/em><br \/>\n&#8211; coordination of activities, partner meetings, project monitoring and evaluation<\/li>\n<\/ul>\n<p><strong>Project partners<\/strong><br \/>\nThe organisations involved in the project are:<\/p>\n<ul>\n<li><a href=\"http:\/\/gong.hr\/en\" target=\"_blank\" rel=\"noopener noreferrer\">GONG<\/a><\/li>\n<li><a href=\"http:\/\/www.mirovni-institut.si\/en\/\" target=\"_blank\" rel=\"noopener noreferrer\">Mirovni in\u0161titut \u2013 Peace Institute<\/a><\/li>\n<li><a href=\"http:\/\/www.gsitalia.org\/en\/\" target=\"_blank\" rel=\"noopener noreferrer\">GSI ITALIA<\/a><\/li>\n<li><a href=\"http:\/\/www.fundacioncives.org\/\" target=\"_blank\" rel=\"noopener noreferrer\">Fundaci\u00f3n Educativa y Asistencial Cives<\/a><\/li>\n<li><a href=\"http:\/\/www.ndcosijek.hr\/en\/\" target=\"_blank\" rel=\"noopener noreferrer\">Nansen Dialogue Centre Osijek<\/a><\/li>\n<li><a href=\"http:\/\/www.ndc.net.mk\/index.php\/en\/\" target=\"_blank\" rel=\"noopener noreferrer\">Nansen Dialogue Centre Skopje (NDC Skopje)<\/a><\/li>\n<li><a href=\"http:\/\/ss-ekonomskaituristicka-da.skole.hr\/\" target=\"_blank\" rel=\"noopener noreferrer\">Ekonomska i turisti\u010dka \u0161kola Daruvar \/ School of Economics and Tourism Daruvar<\/a><\/li>\n<li><a href=\"http:\/\/os-sinise-glavasevica-vu.skole.hr\/\" target=\"_blank\" rel=\"noopener noreferrer\">Elementary school Sini\u0161a Glava\u0161evi\u0107 \/ Osnovna \u0161kola Sini\u0161e Glava\u0161evi\u0107a, Vukovar<\/a><\/li>\n<li><a href=\"http:\/\/os-dalj.skole.hr\/\" target=\"_blank\" rel=\"noopener noreferrer\">Dalj Elementary School \/ Osnovna \u0161kola Dalj<\/a><\/li>\n<li>Municipal Secondary Vocational School \u2018\u2019Gostivar\u201d (Gostivar, Macedonia)<\/li>\n<li>Municipal Primary School Liria (Tetovo, Macedonia)<\/li>\n<\/ul>\n","protected":false},"excerpt":{"rendered":"<p>The Erasmus+ Programme of the European Union has funded a new project that GSI Italy will implement in partnership with institutions from other 4 European countries (Croatia, Spain, Macedonia and Slovenia). The goal of the GEAR project is to contribute to intercultural understanding through cooperation of CSOs with formal education systems, teachers and students and&#8230;<\/p>\n","protected":false},"author":3,"featured_media":23800,"comment_status":"open","ping_status":"open","sticky":false,"template":"","format":"standard","meta":{"footnotes":""},"categories":[342,128],"tags":[624,403,415,416,406,572,663,417,349,408,411,412,462],"yoast_head":"<!-- This site is optimized with the Yoast SEO plugin v21.6 - https:\/\/yoast.com\/wordpress\/plugins\/seo\/ -->\n<title>GEAR: Global Education and Active Response for the Protection of Human Rights - GSI Italia Onlus<\/title>\n<meta name=\"robots\" content=\"index, follow, max-snippet:-1, max-image-preview:large, max-video-preview:-1\" \/>\n<link rel=\"canonical\" href=\"https:\/\/www.gsitalia.org\/en\/gear-global-education-active-response-protection-human-rights\/\" \/>\n<meta property=\"og:locale\" content=\"en_US\" \/>\n<meta property=\"og:type\" content=\"article\" \/>\n<meta property=\"og:title\" content=\"GEAR: Global Education and Active Response for the Protection of Human Rights - GSI Italia Onlus\" \/>\n<meta property=\"og:description\" content=\"The Erasmus+ Programme of the European Union has funded a new project that GSI Italy will implement in partnership with institutions from other 4 European countries (Croatia, Spain, Macedonia and Slovenia). The goal of the GEAR project is to contribute to intercultural understanding through cooperation of CSOs with formal education systems, teachers and students and...\" \/>\n<meta property=\"og:url\" content=\"https:\/\/www.gsitalia.org\/en\/gear-global-education-active-response-protection-human-rights\/\" \/>\n<meta property=\"og:site_name\" content=\"GSI Italia Onlus\" \/>\n<meta property=\"article:published_time\" content=\"2017-01-29T14:18:34+00:00\" \/>\n<meta property=\"article:modified_time\" content=\"2019-07-02T09:35:24+00:00\" \/>\n<meta property=\"og:image\" content=\"https:\/\/www.gsitalia.org\/wp-content\/uploads\/2017\/10\/GEAR-studente.jpg\" \/>\n\t<meta property=\"og:image:width\" content=\"1200\" \/>\n\t<meta property=\"og:image:height\" content=\"800\" \/>\n\t<meta property=\"og:image:type\" content=\"image\/jpeg\" \/>\n<meta name=\"author\" content=\"GSI Italia\" \/>\n<meta name=\"twitter:card\" content=\"summary_large_image\" \/>\n<meta name=\"twitter:label1\" content=\"Written by\" \/>\n\t<meta name=\"twitter:data1\" content=\"GSI Italia\" \/>\n\t<meta name=\"twitter:label2\" content=\"Est. reading time\" \/>\n\t<meta name=\"twitter:data2\" content=\"3 minutes\" \/>\n<script type=\"application\/ld+json\" class=\"yoast-schema-graph\">{\"@context\":\"https:\/\/schema.org\",\"@graph\":[{\"@type\":\"WebPage\",\"@id\":\"https:\/\/www.gsitalia.org\/en\/gear-global-education-active-response-protection-human-rights\/\",\"url\":\"https:\/\/www.gsitalia.org\/en\/gear-global-education-active-response-protection-human-rights\/\",\"name\":\"GEAR: Global Education and Active Response for the Protection of Human Rights - GSI Italia Onlus\",\"isPartOf\":{\"@id\":\"https:\/\/www.gsitalia.org\/#website\"},\"datePublished\":\"2017-01-29T14:18:34+00:00\",\"dateModified\":\"2019-07-02T09:35:24+00:00\",\"author\":{\"@id\":\"https:\/\/www.gsitalia.org\/#\/schema\/person\/5cd76b5b719d5a582caf38eae158e84c\"},\"breadcrumb\":{\"@id\":\"https:\/\/www.gsitalia.org\/en\/gear-global-education-active-response-protection-human-rights\/#breadcrumb\"},\"inLanguage\":\"en-US\",\"potentialAction\":[{\"@type\":\"ReadAction\",\"target\":[\"https:\/\/www.gsitalia.org\/en\/gear-global-education-active-response-protection-human-rights\/\"]}]},{\"@type\":\"BreadcrumbList\",\"@id\":\"https:\/\/www.gsitalia.org\/en\/gear-global-education-active-response-protection-human-rights\/#breadcrumb\",\"itemListElement\":[{\"@type\":\"ListItem\",\"position\":1,\"name\":\"Home\",\"item\":\"https:\/\/www.gsitalia.org\/en\/\"},{\"@type\":\"ListItem\",\"position\":2,\"name\":\"GEAR: Global Education and Active Response for the Protection of Human Rights\"}]},{\"@type\":\"WebSite\",\"@id\":\"https:\/\/www.gsitalia.org\/#website\",\"url\":\"https:\/\/www.gsitalia.org\/\",\"name\":\"GSI Italia Onlus\",\"description\":\"Gruppi di Solidariet\u00e0 Internazionale\",\"potentialAction\":[{\"@type\":\"SearchAction\",\"target\":{\"@type\":\"EntryPoint\",\"urlTemplate\":\"https:\/\/www.gsitalia.org\/?s={search_term_string}\"},\"query-input\":\"required name=search_term_string\"}],\"inLanguage\":\"en-US\"},{\"@type\":\"Person\",\"@id\":\"https:\/\/www.gsitalia.org\/#\/schema\/person\/5cd76b5b719d5a582caf38eae158e84c\",\"name\":\"GSI Italia\",\"image\":{\"@type\":\"ImageObject\",\"inLanguage\":\"en-US\",\"@id\":\"https:\/\/www.gsitalia.org\/#\/schema\/person\/image\/\",\"url\":\"https:\/\/secure.gravatar.com\/avatar\/a9194fdb45b7c15c813266bc7c62aa92?s=96&d=mm&r=g\",\"contentUrl\":\"https:\/\/secure.gravatar.com\/avatar\/a9194fdb45b7c15c813266bc7c62aa92?s=96&d=mm&r=g\",\"caption\":\"GSI Italia\"},\"url\":\"https:\/\/www.gsitalia.org\/en\/author\/marta\/\"}]}<\/script>\n<!-- \/ Yoast SEO plugin. -->","yoast_head_json":{"title":"GEAR: Global Education and Active Response for the Protection of Human Rights - GSI Italia Onlus","robots":{"index":"index","follow":"follow","max-snippet":"max-snippet:-1","max-image-preview":"max-image-preview:large","max-video-preview":"max-video-preview:-1"},"canonical":"https:\/\/www.gsitalia.org\/en\/gear-global-education-active-response-protection-human-rights\/","og_locale":"en_US","og_type":"article","og_title":"GEAR: Global Education and Active Response for the Protection of Human Rights - GSI Italia Onlus","og_description":"The Erasmus+ Programme of the European Union has funded a new project that GSI Italy will implement in partnership with institutions from other 4 European countries (Croatia, Spain, Macedonia and Slovenia). The goal of the GEAR project is to contribute to intercultural understanding through cooperation of CSOs with formal education systems, teachers and students and...","og_url":"https:\/\/www.gsitalia.org\/en\/gear-global-education-active-response-protection-human-rights\/","og_site_name":"GSI Italia Onlus","article_published_time":"2017-01-29T14:18:34+00:00","article_modified_time":"2019-07-02T09:35:24+00:00","og_image":[{"width":1200,"height":800,"url":"https:\/\/www.gsitalia.org\/wp-content\/uploads\/2017\/10\/GEAR-studente.jpg","type":"image\/jpeg"}],"author":"GSI Italia","twitter_card":"summary_large_image","twitter_misc":{"Written by":"GSI Italia","Est. reading time":"3 minutes"},"schema":{"@context":"https:\/\/schema.org","@graph":[{"@type":"WebPage","@id":"https:\/\/www.gsitalia.org\/en\/gear-global-education-active-response-protection-human-rights\/","url":"https:\/\/www.gsitalia.org\/en\/gear-global-education-active-response-protection-human-rights\/","name":"GEAR: Global Education and Active Response for the Protection of Human Rights - GSI Italia Onlus","isPartOf":{"@id":"https:\/\/www.gsitalia.org\/#website"},"datePublished":"2017-01-29T14:18:34+00:00","dateModified":"2019-07-02T09:35:24+00:00","author":{"@id":"https:\/\/www.gsitalia.org\/#\/schema\/person\/5cd76b5b719d5a582caf38eae158e84c"},"breadcrumb":{"@id":"https:\/\/www.gsitalia.org\/en\/gear-global-education-active-response-protection-human-rights\/#breadcrumb"},"inLanguage":"en-US","potentialAction":[{"@type":"ReadAction","target":["https:\/\/www.gsitalia.org\/en\/gear-global-education-active-response-protection-human-rights\/"]}]},{"@type":"BreadcrumbList","@id":"https:\/\/www.gsitalia.org\/en\/gear-global-education-active-response-protection-human-rights\/#breadcrumb","itemListElement":[{"@type":"ListItem","position":1,"name":"Home","item":"https:\/\/www.gsitalia.org\/en\/"},{"@type":"ListItem","position":2,"name":"GEAR: Global Education and Active Response for the Protection of Human Rights"}]},{"@type":"WebSite","@id":"https:\/\/www.gsitalia.org\/#website","url":"https:\/\/www.gsitalia.org\/","name":"GSI Italia Onlus","description":"Gruppi di Solidariet\u00e0 Internazionale","potentialAction":[{"@type":"SearchAction","target":{"@type":"EntryPoint","urlTemplate":"https:\/\/www.gsitalia.org\/?s={search_term_string}"},"query-input":"required name=search_term_string"}],"inLanguage":"en-US"},{"@type":"Person","@id":"https:\/\/www.gsitalia.org\/#\/schema\/person\/5cd76b5b719d5a582caf38eae158e84c","name":"GSI Italia","image":{"@type":"ImageObject","inLanguage":"en-US","@id":"https:\/\/www.gsitalia.org\/#\/schema\/person\/image\/","url":"https:\/\/secure.gravatar.com\/avatar\/a9194fdb45b7c15c813266bc7c62aa92?s=96&d=mm&r=g","contentUrl":"https:\/\/secure.gravatar.com\/avatar\/a9194fdb45b7c15c813266bc7c62aa92?s=96&d=mm&r=g","caption":"GSI Italia"},"url":"https:\/\/www.gsitalia.org\/en\/author\/marta\/"}]}},"_links":{"self":[{"href":"https:\/\/www.gsitalia.org\/en\/wp-json\/wp\/v2\/posts\/23906"}],"collection":[{"href":"https:\/\/www.gsitalia.org\/en\/wp-json\/wp\/v2\/posts"}],"about":[{"href":"https:\/\/www.gsitalia.org\/en\/wp-json\/wp\/v2\/types\/post"}],"author":[{"embeddable":true,"href":"https:\/\/www.gsitalia.org\/en\/wp-json\/wp\/v2\/users\/3"}],"replies":[{"embeddable":true,"href":"https:\/\/www.gsitalia.org\/en\/wp-json\/wp\/v2\/comments?post=23906"}],"version-history":[{"count":7,"href":"https:\/\/www.gsitalia.org\/en\/wp-json\/wp\/v2\/posts\/23906\/revisions"}],"predecessor-version":[{"id":26095,"href":"https:\/\/www.gsitalia.org\/en\/wp-json\/wp\/v2\/posts\/23906\/revisions\/26095"}],"wp:featuredmedia":[{"embeddable":true,"href":"https:\/\/www.gsitalia.org\/en\/wp-json\/wp\/v2\/media\/23800"}],"wp:attachment":[{"href":"https:\/\/www.gsitalia.org\/en\/wp-json\/wp\/v2\/media?parent=23906"}],"wp:term":[{"taxonomy":"category","embeddable":true,"href":"https:\/\/www.gsitalia.org\/en\/wp-json\/wp\/v2\/categories?post=23906"},{"taxonomy":"post_tag","embeddable":true,"href":"https:\/\/www.gsitalia.org\/en\/wp-json\/wp\/v2\/tags?post=23906"}],"curies":[{"name":"wp","href":"https:\/\/api.w.org\/{rel}","templated":true}]}}